{"id":9862,"date":"2026-02-26T05:38:57","date_gmt":"2026-02-26T05:38:57","guid":{"rendered":"https:\/\/cl.ipsenergy.com\/yungay-central\/programa-emprendedoras-de-concon-finalizacion-curso-de-reposteria-en-villa-primavera\/"},"modified":"2026-03-02T17:05:41","modified_gmt":"2026-03-02T17:05:41","slug":"programa-emprendedoras-de-concon-finalizacion-curso-de-reposteria-en-villa-primavera","status":"publish","type":"post","link":"https:\/\/cl.ipsenergy.com\/es\/colmito-central\/programa-emprendedoras-de-concon-finalizacion-curso-de-reposteria-en-villa-primavera\/","title":{"rendered":"PROGRAMA EMPRENDEDORAS DE CONC\u00d3N \u2013 FINALIZACI\u00d3N CURSO DE REPOSTER\u00cdA EN VILLA PRIMAVERA"},"content":{"rendered":"\t\t<div data-elementor-type=\"wp-post\" data-elementor-id=\"9862\" class=\"elementor elementor-9862 elementor-9842\" data-elementor-post-type=\"post\">\n\t\t\t\t\t\t<section class=\"elementor-section elementor-top-section elementor-element elementor-element-b7590d0 elementor-section-boxed elementor-section-height-default elementor-section-height-default\" data-id=\"b7590d0\" data-element_type=\"section\">\n\t\t\t\t\t\t<div class=\"elementor-container elementor-column-gap-default\">\n\t\t\t\t\t<div class=\"elementor-column elementor-col-100 elementor-top-column elementor-element elementor-element-49f5740\" data-id=\"49f5740\" data-element_type=\"column\">\n\t\t\t<div class=\"elementor-widget-wrap elementor-element-populated\">\n\t\t\t\t\t\t<div class=\"elementor-element elementor-element-0d0603b elementor-widget elementor-widget-text-editor\" data-id=\"0d0603b\" data-element_type=\"widget\" data-widget_type=\"text-editor.default\">\n\t\t\t\t<div class=\"elementor-widget-container\">\n\t\t\t\t\t\t\t\t\t<p>El Comit\u00e9 de Administraci\u00f3n Central de Villa Primavera, en conjunto con Central Colmito, ha dado termino el curso de reposter\u00eda desarrollado con la activa participaci\u00f3n de vecinas y vecinos del sector. Esta iniciativa formativa permiti\u00f3 a los asistentes adquirir nuevos conocimientos y habilidades en el \u00e1rea de la reposter\u00eda, fomentando el aprendizaje pr\u00e1ctico y el trabajo colaborativo dentro de la comunidad. <\/p><p>Durante el desarrollo del curso, las y los participantes aprendieron diversas t\u00e9cnicas de preparaci\u00f3n, manipulaci\u00f3n de alimentos y elaboraci\u00f3n de productos de reposter\u00eda, fortaleciendo as\u00ed sus capacidades para el emprendimiento y la generaci\u00f3n de ingresos. La capacitaci\u00f3n fue valorada positivamente por los asistentes, quienes destacaron la oportunidad de acceder a este tipo de instancias formativas en su propio territorio. <\/p><p>Este curso se enmarca en el Programa Emprendedoras de Conc\u00f3n de International Power Services, iniciativa que busca promover la autonom\u00eda econ\u00f3mica, el emprendimiento local y el fortalecimiento de las organizaciones comunitarias, entregando herramientas concretas para el desarrollo personal y colectivo.<\/p><p>Desde el Comit\u00e9 de Administraci\u00f3n Central de Villa Primavera y Central Colmito destacaron la importancia de continuar impulsando este tipo de acciones, que contribuyen al crecimiento de la comunidad, al fortalecimiento del tejido social y a la creaci\u00f3n de nuevas oportunidades para las familias del sector.<\/p>\t\t\t\t\t\t\t\t<\/div>\n\t\t\t\t<\/div>\n\t\t\t\t<div class=\"elementor-element elementor-element-324418f elementor-widget elementor-widget-text-editor\" data-id=\"324418f\" data-element_type=\"widget\" data-widget_type=\"text-editor.default\">\n\t\t\t\t<div class=\"elementor-widget-container\">\n\t\t\t\t\t\t\t\t\t<p><strong>Escrito por:<\/strong> Matias Eyzaguirre y Juan Pablo Labra\u00f1a<\/p>\t\t\t\t\t\t\t\t<\/div>\n\t\t\t\t<\/div>\n\t\t\t\t\t<\/div>\n\t\t<\/div>\n\t\t\t\t\t<\/div>\n\t\t<\/section>\n\t\t\t\t<\/div>\n\t\t","protected":false},"excerpt":{"rendered":"<p>El Comit\u00e9 de Administraci\u00f3n Central de Villa Primavera, en conjunto con Central Colmito, ha dado termino el curso de reposter\u00eda desarrollado con la activa participaci\u00f3n de vecinas y vecinos del sector. Esta iniciativa formativa permiti\u00f3 a los asistentes adquirir nuevos conocimientos y habilidades en el \u00e1rea de la reposter\u00eda, fomentando el aprendizaje pr\u00e1ctico y el trabajo colaborativo dentro de la comunidad. <\/p>\n","protected":false},"author":1,"featured_media":9861,"comment_status":"open","ping_status":"open","sticky":false,"template":"","format":"standard","meta":{"_acf_changed":false,"footnotes":""},"categories":[29],"tags":[],"class_list":["post-9862","post","type-post","status-publish","format-standard","has-post-thumbnail","hentry","category-colmito-central"],"acf":[],"_links":{"self":[{"href":"https:\/\/cl.ipsenergy.com\/es\/wp-json\/wp\/v2\/posts\/9862","targetHints":{"allow":["GET"]}}],"collection":[{"href":"https:\/\/cl.ipsenergy.com\/es\/wp-json\/wp\/v2\/posts"}],"about":[{"href":"https:\/\/cl.ipsenergy.com\/es\/wp-json\/wp\/v2\/types\/post"}],"author":[{"embeddable":true,"href":"https:\/\/cl.ipsenergy.com\/es\/wp-json\/wp\/v2\/users\/1"}],"replies":[{"embeddable":true,"href":"https:\/\/cl.ipsenergy.com\/es\/wp-json\/wp\/v2\/comments?post=9862"}],"version-history":[{"count":0,"href":"https:\/\/cl.ipsenergy.com\/es\/wp-json\/wp\/v2\/posts\/9862\/revisions"}],"wp:featuredmedia":[{"embeddable":true,"href":"https:\/\/cl.ipsenergy.com\/es\/wp-json\/wp\/v2\/media\/9861"}],"wp:attachment":[{"href":"https:\/\/cl.ipsenergy.com\/es\/wp-json\/wp\/v2\/media?parent=9862"}],"wp:term":[{"taxonomy":"category","embeddable":true,"href":"https:\/\/cl.ipsenergy.com\/es\/wp-json\/wp\/v2\/categories?post=9862"},{"taxonomy":"post_tag","embeddable":true,"href":"https:\/\/cl.ipsenergy.com\/es\/wp-json\/wp\/v2\/tags?post=9862"}],"curies":[{"name":"wp","href":"https:\/\/api.w.org\/{rel}","templated":true}]}}