{"id":9870,"date":"2026-02-26T05:56:54","date_gmt":"2026-02-26T05:56:54","guid":{"rendered":"https:\/\/cl.ipsenergy.com\/yungay-central\/programa-salud-y-educacion-cierre-talleres-de-verano\/"},"modified":"2026-03-02T17:29:27","modified_gmt":"2026-03-02T17:29:27","slug":"programa-salud-y-educacion-cierre-talleres-de-verano","status":"publish","type":"post","link":"https:\/\/cl.ipsenergy.com\/es\/yungay-central\/programa-salud-y-educacion-cierre-talleres-de-verano\/","title":{"rendered":"PROGRAMA SALUD Y EDUCACI\u00d3N \u2013 CIERRE TALLERES DE VERANO"},"content":{"rendered":"\t\t<div data-elementor-type=\"wp-post\" data-elementor-id=\"9870\" class=\"elementor elementor-9870 elementor-9851\" data-elementor-post-type=\"post\">\n\t\t\t\t\t\t<section class=\"elementor-section elementor-top-section elementor-element elementor-element-ee0a61c elementor-section-boxed elementor-section-height-default elementor-section-height-default\" data-id=\"ee0a61c\" data-element_type=\"section\">\n\t\t\t\t\t\t<div class=\"elementor-container elementor-column-gap-default\">\n\t\t\t\t\t<div class=\"elementor-column elementor-col-100 elementor-top-column elementor-element elementor-element-2994e9b\" data-id=\"2994e9b\" data-element_type=\"column\">\n\t\t\t<div class=\"elementor-widget-wrap elementor-element-populated\">\n\t\t\t\t\t\t<div class=\"elementor-element elementor-element-de46dbc elementor-widget elementor-widget-text-editor\" data-id=\"de46dbc\" data-element_type=\"widget\" data-widget_type=\"text-editor.default\">\n\t\t\t\t<div class=\"elementor-widget-container\">\n\t\t\t\t\t\t\t\t\t<p>Con gran entusiasmo, los ni\u00f1os y ni\u00f1as de la localidad de Charr\u00faa dieron por finalizados los talleres de verano impartidos por la agrupaci\u00f3n social Peque\u00f1os Sue\u00f1os, Grandes Acciones, instancia que ofreci\u00f3 un espacio de aprendizaje, recreaci\u00f3n y desarrollo integral durante el per\u00edodo estival.<\/p><p>A lo largo de estos talleres, los ni\u00f1os participantes pudieron descubrir y aprender sobre el mundo de la alimentaci\u00f3n saludable, conociendo la importancia de una dieta equilibrada a trav\u00e9s de actividades l\u00fadicas y educativas. Adem\u00e1s, participaron en talleres de pintura, donde desarrollaron su creatividad y expresi\u00f3n art\u00edstica, y en actividades enfocadas en el perfeccionamiento de t\u00e9cnicas de motricidad, fundamentales para su desarrollo f\u00edsico y cognitivo.<\/p><p>Estas jornadas no solo promovieron el aprendizaje, sino tambi\u00e9n la convivencia, el trabajo en equipo y la adquisici\u00f3n de h\u00e1bitos saludables desde temprana edad, generando espacios seguros y significativos para la infancia de la comunidad.<\/p><p>Desde la agrupaci\u00f3n Peque\u00f1os Sue\u00f1os, Grandes Acciones, se destac\u00f3 la activa participaci\u00f3n de los ni\u00f1os, as\u00ed como el apoyo de las familias, reafirmando el compromiso de seguir impulsando iniciativas que contribuyan al bienestar, la formaci\u00f3n y el desarrollo integral de la ni\u00f1ez de la localidad de Charr\u00faa.<\/p>\t\t\t\t\t\t\t\t<\/div>\n\t\t\t\t<\/div>\n\t\t\t\t\t<\/div>\n\t\t<\/div>\n\t\t\t\t\t<\/div>\n\t\t<\/section>\n\t\t\t\t<section class=\"elementor-section elementor-top-section elementor-element elementor-element-15cd6bd elementor-section-boxed elementor-section-height-default elementor-section-height-default\" data-id=\"15cd6bd\" data-element_type=\"section\">\n\t\t\t\t\t\t<div class=\"elementor-container elementor-column-gap-default\">\n\t\t\t\t\t<div class=\"elementor-column elementor-col-100 elementor-top-column elementor-element elementor-element-3455287\" data-id=\"3455287\" data-element_type=\"column\">\n\t\t\t<div class=\"elementor-widget-wrap elementor-element-populated\">\n\t\t\t\t\t\t<div class=\"elementor-element elementor-element-aea5800 elementor-widget elementor-widget-text-editor\" data-id=\"aea5800\" data-element_type=\"widget\" data-widget_type=\"text-editor.default\">\n\t\t\t\t<div class=\"elementor-widget-container\">\n\t\t\t\t\t\t\t\t\t<p><strong>Escrito por:<\/strong> Matias Eyzaguirre y Juan Pablo Labra\u00f1a<\/p>\t\t\t\t\t\t\t\t<\/div>\n\t\t\t\t<\/div>\n\t\t\t\t\t<\/div>\n\t\t<\/div>\n\t\t\t\t\t<\/div>\n\t\t<\/section>\n\t\t\t\t<\/div>\n\t\t","protected":false},"excerpt":{"rendered":"<p>Con gran entusiasmo, los ni\u00f1os y ni\u00f1as de la localidad de Charr\u00faa dieron por finalizados los talleres de verano impartidos por la agrupaci\u00f3n social Peque\u00f1os Sue\u00f1os, Grandes Acciones, instancia que ofreci\u00f3 un espacio de aprendizaje, recreaci\u00f3n y desarrollo integral durante el per\u00edodo estival.<\/p>\n","protected":false},"author":1,"featured_media":9869,"comment_status":"open","ping_status":"open","sticky":false,"template":"","format":"standard","meta":{"_acf_changed":false,"footnotes":""},"categories":[17],"tags":[],"class_list":["post-9870","post","type-post","status-publish","format-standard","has-post-thumbnail","hentry","category-yungay-central"],"acf":[],"_links":{"self":[{"href":"https:\/\/cl.ipsenergy.com\/es\/wp-json\/wp\/v2\/posts\/9870","targetHints":{"allow":["GET"]}}],"collection":[{"href":"https:\/\/cl.ipsenergy.com\/es\/wp-json\/wp\/v2\/posts"}],"about":[{"href":"https:\/\/cl.ipsenergy.com\/es\/wp-json\/wp\/v2\/types\/post"}],"author":[{"embeddable":true,"href":"https:\/\/cl.ipsenergy.com\/es\/wp-json\/wp\/v2\/users\/1"}],"replies":[{"embeddable":true,"href":"https:\/\/cl.ipsenergy.com\/es\/wp-json\/wp\/v2\/comments?post=9870"}],"version-history":[{"count":0,"href":"https:\/\/cl.ipsenergy.com\/es\/wp-json\/wp\/v2\/posts\/9870\/revisions"}],"wp:featuredmedia":[{"embeddable":true,"href":"https:\/\/cl.ipsenergy.com\/es\/wp-json\/wp\/v2\/media\/9869"}],"wp:attachment":[{"href":"https:\/\/cl.ipsenergy.com\/es\/wp-json\/wp\/v2\/media?parent=9870"}],"wp:term":[{"taxonomy":"category","embeddable":true,"href":"https:\/\/cl.ipsenergy.com\/es\/wp-json\/wp\/v2\/categories?post=9870"},{"taxonomy":"post_tag","embeddable":true,"href":"https:\/\/cl.ipsenergy.com\/es\/wp-json\/wp\/v2\/tags?post=9870"}],"curies":[{"name":"wp","href":"https:\/\/api.w.org\/{rel}","templated":true}]}}